{"id":30392,"date":"2024-02-14T20:28:45","date_gmt":"2024-02-14T20:28:45","guid":{"rendered":"https:\/\/gwinnettcoalition.org\/?p=30392"},"modified":"2024-02-15T18:43:54","modified_gmt":"2024-02-15T18:43:54","slug":"cual-es-la-relacion-entre-la-resiliencia-y-la-prevencion-del-suicidio","status":"publish","type":"post","link":"https:\/\/gwinnettcoalition.org\/es\/2024\/02\/14\/cual-es-la-relacion-entre-la-resiliencia-y-la-prevencion-del-suicidio\/","title":{"rendered":"\u00bfCu\u00e1l es la relaci\u00f3n entre la resiliencia y la prevenci\u00f3n del suicidio?"},"content":{"rendered":"\t\t<div data-elementor-type=\"wp-post\" data-elementor-id=\"30392\" class=\"elementor elementor-30392\" data-elementor-post-type=\"post\">\n\t\t\t\t<div class=\"elementor-element elementor-element-f6bbaf8 e-con-full e-flex e-con e-parent\" data-id=\"f6bbaf8\" data-element_type=\"container\" data-e-type=\"container\">\n\t\t\t\t<\/div>\n\t\t<div class=\"elementor-element elementor-element-a2b52e5 e-con-full e-flex e-con e-parent\" data-id=\"a2b52e5\" data-element_type=\"container\" data-e-type=\"container\">\n\t\t<div class=\"elementor-element elementor-element-ab53a02 e-flex e-con-boxed e-con e-child\" data-id=\"ab53a02\" data-element_type=\"container\" data-e-type=\"container\">\n\t\t\t\t\t<div class=\"e-con-inner\">\n\t\t<div class=\"elementor-element elementor-element-b9f4719 e-con-full e-flex e-con e-child\" data-id=\"b9f4719\" data-element_type=\"container\" data-e-type=\"container\">\n\t\t<div class=\"elementor-element elementor-element-608c4f0 e-con-full e-flex e-con e-child\" data-id=\"608c4f0\" data-element_type=\"container\" data-e-type=\"container\">\n\t\t\t\t<div class=\"elementor-element elementor-element-caffede elementor-widget__width-inherit elementor-widget elementor-widget-heading\" data-id=\"caffede\" data-element_type=\"widget\" data-e-type=\"widget\" data-widget_type=\"heading.default\">\n\t\t\t\t<div class=\"elementor-widget-container\">\n\t\t\t\t\t<h1 class=\"elementor-heading-title elementor-size-default\">\u00bfCu\u00e1l es la relaci\u00f3n entre la resiliencia y la prevenci\u00f3n del suicidio?<\/h1>\t\t\t\t<\/div>\n\t\t\t\t<\/div>\n\t\t\t\t<\/div>\n\t\t<div class=\"elementor-element elementor-element-c608928 e-flex e-con-boxed e-con e-child\" data-id=\"c608928\" data-element_type=\"container\" data-e-type=\"container\">\n\t\t\t\t\t<div class=\"e-con-inner\">\n\t\t\t\t<div class=\"elementor-element elementor-element-fe0f0f7 elementor-widget elementor-widget-image\" data-id=\"fe0f0f7\" data-element_type=\"widget\" data-e-type=\"widget\" data-widget_type=\"image.default\">\n\t\t\t\t<div class=\"elementor-widget-container\">\n\t\t\t\t\t\t\t\t\t\t\t\t\t\t\t<img fetchpriority=\"high\" decoding=\"async\" width=\"512\" height=\"288\" src=\"https:\/\/gwinnettcoalition.org\/wp-content\/uploads\/2023\/12\/gwinnett-building-resilience-and-preventing-suicide.webp\" class=\"attachment-large size-large wp-image-29866\" alt=\"\" srcset=\"https:\/\/gwinnettcoalition.org\/wp-content\/uploads\/2023\/12\/gwinnett-building-resilience-and-preventing-suicide.webp 512w, https:\/\/gwinnettcoalition.org\/wp-content\/uploads\/2023\/12\/gwinnett-building-resilience-and-preventing-suicide-300x169.webp 300w\" sizes=\"(max-width: 512px) 100vw, 512px\" \/>\t\t\t\t\t\t\t\t\t\t\t\t\t\t\t<\/div>\n\t\t\t\t<\/div>\n\t\t\t\t\t<\/div>\n\t\t\t\t<\/div>\n\t\t\t\t<\/div>\n\t\t<div class=\"elementor-element elementor-element-0a83711 e-con-full e-flex e-con e-child\" data-id=\"0a83711\" data-element_type=\"container\" data-e-type=\"container\">\n\t\t\t\t<div class=\"elementor-element elementor-element-1fe770d elementor-widget elementor-widget-text-editor\" data-id=\"1fe770d\" data-element_type=\"widget\" data-e-type=\"widget\" data-widget_type=\"text-editor.default\">\n\t\t\t\t<div class=\"elementor-widget-container\">\n\t\t\t\t\t\t\t\t\t<p><span style=\"font-weight: 400;\">El suicidio es una problem\u00e1tica mundial que impacta a personas y comunidades en todo el planeta, sin importar edad, g\u00e9nero ni situaci\u00f3n socioecon\u00f3mica. Solamente en 2022, alrededor de <\/span><a href=\"https:\/\/www-cdc-gov.translate.goog\/suicide\/suicide-data-statistics.html?_x_tr_sl=en&amp;_x_tr_tl=es&amp;_x_tr_hl=es-419&amp;_x_tr_pto=wapp\"><span style=\"font-weight: 400;\">50,000 personas en Estados Unidos se quitaron la vida<\/span><\/a><span style=\"font-weight: 400;\">, seg\u00fan los Centros para el Control y la Prevenci\u00f3n de Enfermedades (CDC). Esto representa un aumento del 2.6% en el n\u00famero de suicidios en comparaci\u00f3n con 2021. El impacto devastador del suicidio se extiende mucho m\u00e1s all\u00e1 de las vidas perdidas, impactando el bienestar emocional y psicol\u00f3gico de seres cercanos a las v\u00edctimas.<\/span><\/p><p>\u00a0<\/p><p><span style=\"font-weight: 400;\">Sin embargo, hay una herramienta que puede ayudar en la prevenci\u00f3n del suicidio: la resiliencia. Personas resilientes tienen las capacidades para recuperarse de la adversidad y adaptarse a los desaf\u00edos. Es el fundamento sobre el cual las personas pueden mantenerse firmes ante la desesperaci\u00f3n, convirti\u00e9ndose en un componente esencial de la salud mental y el bienestar.<\/span><\/p><p>\u00a0<\/p><p><span style=\"font-weight: 400;\">En este art\u00edculo, analizaremos la relaci\u00f3n entre la resiliencia y la prevenci\u00f3n del suicidio, examinando los factores clave que contribuyen a la resiliencia, junto con estrategias y actividades pr\u00e1cticas para desarrollar esta cualidad. Al comprender el profundo v\u00ednculo entre la resiliencia y la prevenci\u00f3n del suicidio, nuestro objetivo es empoderar a individuos, familias y comunidades para promover activamente la salud mental y poder salvar vidas.<\/span><\/p><p>\u00a0<\/p><h2><span style=\"font-weight: 400;\">La relaci\u00f3n entre la resiliencia y la prevenci\u00f3n del suicidio<\/span><\/h2><p><span style=\"font-weight: 400;\">La resiliencia es una herramienta que las personas pueden emplear contra la desesperanza y la desesperaci\u00f3n que suelen preceder pensamientos y conductas suicidas. Estas son las formas como esta virtud puede ayudar a la prevenci\u00f3n de suicidio:<\/span><\/p><p>\u00a0<\/p><ul><li style=\"font-weight: 400;\" aria-level=\"1\"><span style=\"font-weight: 400;\">Permite adquirir habilidades de afrontamiento: las personas resilientes cuentan con un amplio repertorio de estrategias efectivas para sobrellevar adversidades. Esto les permite navegar mejor los desaf\u00edos sin caer en la desesperanza.<\/span><\/li><li style=\"font-weight: 400;\" aria-level=\"1\"><span style=\"font-weight: 400;\">Estimula la fortaleza emocional: la resiliencia fomenta una mayor fortaleza emocional, permitiendo resistir incluso las situaciones m\u00e1s dif\u00edciles. Esta resistencia emocional amortigua el impacto, previniendo caer en estados de profunda desesperaci\u00f3n.\u00a0\u00a0<\/span><\/li><li style=\"font-weight: 400;\" aria-level=\"1\"><span style=\"font-weight: 400;\">Desarrolla la capacidad de resolver problemas: las personas resilientes pueden identificar posibles soluciones a sus problemas y tomar medidas proactivas para abordarlos, reduciendo as\u00ed la sensaci\u00f3n de impotencia que puede derivar en pensamientos suicidas.<\/span><\/li><li style=\"font-weight: 400;\" aria-level=\"1\"><span style=\"font-weight: 400;\">Incrementa la disposici\u00f3n a buscar ayuda cuando sea necesario: las personas con mayor resiliencia suelen estar m\u00e1s dispuestas a buscar apoyo en amigos, familiares o profesionales de la salud mental frente a la angustia emocional.<\/span><\/li><\/ul><p>\u00a0<\/p><p><span style=\"font-weight: 400;\">Varios estudios han demostrado que la resiliencia es un factor cr\u00edtico en la prevenci\u00f3n del suicidio. Algunas investigaciones destacan la importancia de desarrollar esta aptitud:<\/span><\/p><p>\u00a0<\/p><ul><li style=\"font-weight: 400;\" aria-level=\"1\"><span style=\"font-weight: 400;\">La resiliencia es ampliamente reconocida como factor protector frente al suicidio. <\/span><a href=\"https:\/\/sprc-org.translate.goog\/effective-prevention\/a-comprehensive-approach-to-suicide-prevention\/enhance-life-skills-and-resilience\/?_x_tr_sl=en&amp;_x_tr_tl=es&amp;_x_tr_hl=es-419&amp;_x_tr_pto=wapp\"><span style=\"font-weight: 400;\">El Centro de Recursos para la Prevenci\u00f3n del Suicidio<\/span><\/a><span style=\"font-weight: 400;\"> identifica el desarrollo de habilidades para la vida y la resiliencia como componentes esenciales.<\/span><\/li><li style=\"font-weight: 400;\" aria-level=\"1\"><span style=\"font-weight: 400;\">Factores como <\/span><a href=\"https:\/\/www-mdpi-com.translate.goog\/2077-0383\/12\/5\/1974?_x_tr_sl=en&amp;_x_tr_tl=es&amp;_x_tr_hl=es-419&amp;_x_tr_pto=wapp#:~:text=Our%20findings%20suggest%20that%20fostering%20of%20resilience%20factors%20such%20as%20self%2Dreliance%20and%20emotion%20regulation%20may%20be%20beneficial%20in%20mitigating%20suicide%20risk.\"><span style=\"font-weight: 400;\">la autosuficiencia y regulaci\u00f3n emocional han demostrado ser altamente efectivos para prevenir el suicidio en j\u00f3venes<\/span><\/a><span style=\"font-weight: 400;\">, permiti\u00e9ndoles adquirir herramientas para transitar los desaf\u00edos t\u00edpicos de la adolescencia y adultez temprana.<\/span><\/li><\/ul><p>\u00a0<\/p><p><span style=\"font-weight: 400;\">En conclusi\u00f3n, la relaci\u00f3n entre resiliencia y prevenci\u00f3n del suicidio es clara e innegable. Desarrollar la resiliencia es un paso vital para fortalecer a las personas contra el devastador impacto de ideaciones y conductas suicidas.<\/span><\/p><h2><br \/><span style=\"font-weight: 400;\">Recursos para la prevenci\u00f3n del suicidio y el desarrollo de la resiliencia<\/span><span style=\"font-weight: 400;\"><br \/><\/span><img decoding=\"async\" class=\"wp-image-29867 size-full alignleft\" src=\"https:\/\/gwinnettcoalition.org\/wp-content\/uploads\/2023\/12\/gwinnett-resources-suicide-prevention-resilience-building.webp\" alt=\"\" width=\"512\" height=\"288\" srcset=\"https:\/\/gwinnettcoalition.org\/wp-content\/uploads\/2023\/12\/gwinnett-resources-suicide-prevention-resilience-building.webp 512w, https:\/\/gwinnettcoalition.org\/wp-content\/uploads\/2023\/12\/gwinnett-resources-suicide-prevention-resilience-building-300x169.webp 300w\" sizes=\"(max-width: 512px) 100vw, 512px\" \/><\/h2><p><span style=\"font-weight: 400;\">Con el fin de comprender el v\u00ednculo crucial entre la resiliencia y la prevenci\u00f3n del suicidio, es importante reconocer que existen apoyos y herramientas disponibles para aquellos que lo necesitan. A continuaci\u00f3n, ofrecemos informaci\u00f3n sobre una variedad de recursos, como l\u00edneas de ayuda, organizaciones de salud mental y plataformas en l\u00ednea, que ayudan a las personas que luchan con pensamientos suicidas o que buscan fortalecer su resiliencia:<\/span><\/p><p>\u00a0<\/p><ul><li style=\"font-weight: 400;\" aria-level=\"1\"><a href=\"https:\/\/988lifeline.org\/es\/home\/\"><span style=\"font-weight: 400;\">L\u00ednea 988 de Prevenci\u00f3n del Suicidio y Crisis<\/span><\/a><span style=\"font-weight: 400;\">: Esta l\u00ednea de ayuda est\u00e1 disponible las 24 horas del d\u00eda, los 7 d\u00edas de la semana, y ofrece apoyo gratuito y confidencial a cualquier persona en crisis, as\u00ed como recursos de prevenci\u00f3n y crisis. Puede comunicarse marcando el 988 para hablar con un profesional capacitado.<\/span><\/li><li style=\"font-weight: 400;\" aria-level=\"1\"><a href=\"https:\/\/www.crisistextline.org\/\"><span style=\"font-weight: 400;\">Crisis Text Line<\/span><\/a><span style=\"font-weight: 400;\">: Un servicio de apoyo en crisis basado en mensajes de texto, Crisis Text Line est\u00e1 a solo un mensaje de texto de distancia, disponible las 24 horas del d\u00eda, los 7 d\u00edas de la semana. Al enviar el mensaje &#8220;HOME&#8221; al 741741, puede conectarse con un consejero de crisis capacitado.<\/span><\/li><\/ul><p><span style=\"font-weight: 400;\">\u00a0<\/span><\/p><p><span style=\"font-weight: 400;\">Adem\u00e1s, existen organizaciones de salud mental y programas de capacitaci\u00f3n comprometidos con los esfuerzos de prevenci\u00f3n del suicidio:<\/span><\/p><p>\u00a0<\/p><ul><li style=\"font-weight: 400;\" aria-level=\"1\"><span style=\"font-weight: 400;\">La <\/span><a href=\"https:\/\/afsp.org\/\"><span style=\"font-weight: 400;\">Fundaci\u00f3n Americana para la Prevenci\u00f3n de Suicidio<\/span><\/a><span style=\"font-weight: 400;\"> (AFSP, por sus siglas en ingl\u00e9s): La Afsp se dedica a prevenir el suicidio a trav\u00e9s de la investigaci\u00f3n, la educaci\u00f3n y la defensa. Su sitio web ofrece recursos valiosos para individuos y familias.<\/span><\/li><li style=\"font-weight: 400;\" aria-level=\"1\"><a href=\"https:\/\/resilientgwinnett.org\/#:~:text=People%20trained%20in%20QPR%20learn%20how%20to%20recognize%20the%20warning%20signs%20of%20a%20suicide%20crisis%20and%20how%20to%20Question%2C%20Persuade%20and%20Refer%20someone%20to%20help.%20These%203%20simple%20steps%20can%20save%20a%20life%20from%20suicide.%20Saying%20%22yes%22%20to%20this%20training%20truly%20could%20save%20a%20life.\"><span style=\"font-weight: 400;\">QPR para la Prevenci\u00f3n del Suicidio:<\/span><\/a><span style=\"font-weight: 400;\"> En Gwinnett Coalition, ofrecemos una capacitaci\u00f3n llamada QPR para la Prevenci\u00f3n del Suicidio. Aquellos que se inscriben en este programa adquieren las habilidades para reconocer las se\u00f1ales de advertencia de una crisis suicida y c\u00f3mo cuestionar, persuadir y referir de manera efectiva a alguien para obtener ayuda.<\/span><\/li><\/ul><p>\u00a0<\/p><p><span style=\"font-weight: 400;\">Cuando se trata de fomentar la resiliencia en otros para prevenir el suicidio, es importante tener en cuenta que esto no es un viaje solitario, sino un esfuerzo colectivo. La responsabilidad recae en individuos, familias, comunidades e instituciones por igual, todos los cuales comparten la tarea de crear un entorno donde la resiliencia pueda florecer, y as\u00ed lograr la prevenci\u00f3n del suicidio.<\/span><\/p><p>\u00a0<\/p><h2><span style=\"font-weight: 400;\">Construyendo resiliencia con Gwinnett Coalition<\/span><span style=\"font-weight: 400;\"><br \/><\/span><img decoding=\"async\" class=\"wp-image-29868 size-full alignleft\" src=\"https:\/\/gwinnettcoalition.org\/wp-content\/uploads\/2023\/12\/gwinnett-coalition-building-resilience.webp\" alt=\"\" width=\"512\" height=\"288\" srcset=\"https:\/\/gwinnettcoalition.org\/wp-content\/uploads\/2023\/12\/gwinnett-coalition-building-resilience.webp 512w, https:\/\/gwinnettcoalition.org\/wp-content\/uploads\/2023\/12\/gwinnett-coalition-building-resilience-300x169.webp 300w\" sizes=\"(max-width: 512px) 100vw, 512px\" \/><\/h2><p><span style=\"font-weight: 400;\">En <\/span><a href=\"https:\/\/www.gwinnettcoalition.org\/?lang=es\"><span style=\"font-weight: 400;\">Gwinnett Coalition<\/span><\/a><span style=\"font-weight: 400;\">, estamos comprometidos en fomentar una comunidad resiliente a trav\u00e9s de nuestra iniciativa conocida como Resilient Gwinnett. Nuestra misi\u00f3n es clara: empoderar a los habitantes de Gwinnett con las herramientas y el conocimiento necesarios para construir la resiliencia y, a su vez, crear un entorno m\u00e1s seguro y solidario para nuestros j\u00f3venes en su lucha contra el suicidio. La resiliencia es el fundamento sobre el cual podemos mantenernos fuertes y resilientes como comunidad, asegurando que nadie enfrente sus dificultades en soledad.<\/span><\/p><p>\u00a0<\/p><p><span style=\"font-weight: 400;\">A trav\u00e9s de nuestros programas, que incluyen QPR para la Prevenci\u00f3n del Suicidio y otras iniciativas de fortalecimiento de la resiliencia, ofrecemos oportunidades de capacitaci\u00f3n que equipan a las personas con las habilidades necesarias para reconocer se\u00f1ales de advertencia, intervenir de manera efectiva y brindar el apoyo necesario para salvar vidas.<\/span><\/p><p>\u00a0<\/p><p><span style=\"font-weight: 400;\">Si est\u00e1s interesado en obtener m\u00e1s informaci\u00f3n sobre nuestras oportunidades de capacitaci\u00f3n para la prevenci\u00f3n del suicidio, o si deseas unirte a nuestra misi\u00f3n de promover la resiliencia y el bienestar mental en nuestra comunidad, <\/span><a href=\"https:\/\/www.gwinnettcoalition.org\/contactenos\/?lang=es\"><span style=\"font-weight: 400;\">cont\u00e1ctanos<\/span><\/a><span style=\"font-weight: 400;\">. Juntos, podemos generar un impacto significativo en las vidas de nuestros j\u00f3venes y trabajar hacia un futuro en el que el suicidio sea prevenible y la resiliencia se cultive en cada paso del camino.<\/span><\/p>\t\t\t\t\t\t\t\t<\/div>\n\t\t\t\t<\/div>\n\t\t\t\t<\/div>\n\t\t\t\t\t<\/div>\n\t\t\t\t<\/div>\n\t\t\t\t<\/div>\n\t\t<div class=\"elementor-element elementor-element-bfac0c4 e-con-full e-flex e-con e-parent\" data-id=\"bfac0c4\" data-element_type=\"container\" data-e-type=\"container\">\n\t\t\t\t<\/div>\n\t\t\t\t<\/div>\n\t\t","protected":false},"excerpt":{"rendered":"<p>\u00bfCu\u00e1l es la relaci\u00f3n entre la resiliencia y la prevenci\u00f3n del suicidio? El suicidio es una problem\u00e1tica mundial que impacta a personas y comunidades en todo el planeta, sin importar [&hellip;]<\/p>\n","protected":false},"author":1,"featured_media":29866,"comment_status":"open","ping_status":"open","sticky":false,"template":"elementor_canvas","format":"standard","meta":{"_monsterinsights_skip_tracking":false,"_monsterinsights_sitenote_active":false,"_monsterinsights_sitenote_note":"","_monsterinsights_sitenote_category":0,"footnotes":""},"categories":[4398],"tags":[4469,4460,4468,4466,4470],"class_list":["post-30392","post","type-post","status-publish","format-standard","has-post-thumbnail","hentry","category-sin-categorizar","tag-construccion-de-resiliencia-es","tag-gwinnett-coalition-es","tag-recursos-para-la-prevencion-del-suicidio-es","tag-resiliencia-es","tag-suicidio-es"],"yoast_head":"<!-- This site is optimized with the Yoast SEO plugin v27.4 - https:\/\/yoast.com\/product\/yoast-seo-wordpress\/ -->\n<title>C\u00f3mo construir resiliencia para prevenir el suicidio | Gwinnett Coalition<\/title>\n<meta name=\"description\" content=\"Construir resiliencia es la clave para desbloquear la esperanza, fomentar la fortaleza y, en \u00faltima instancia, prevenir el suicidio. Descubre c\u00f3mo puedes marcar la diferencia a trav\u00e9s de nuestro blog.\" \/>\n<meta name=\"robots\" content=\"index, follow, max-snippet:-1, max-image-preview:large, max-video-preview:-1\" \/>\n<link rel=\"canonical\" href=\"https:\/\/gwinnettcoalition.org\/es\/2024\/02\/14\/cual-es-la-relacion-entre-la-resiliencia-y-la-prevencion-del-suicidio\/\" \/>\n<meta property=\"og:locale\" content=\"es_ES\" \/>\n<meta property=\"og:type\" content=\"article\" \/>\n<meta property=\"og:title\" content=\"C\u00f3mo construir resiliencia para prevenir el suicidio | Gwinnett Coalition\" \/>\n<meta property=\"og:description\" content=\"Construir resiliencia es la clave para desbloquear la esperanza, fomentar la fortaleza y, en \u00faltima instancia, prevenir el suicidio. Descubre c\u00f3mo puedes marcar la diferencia a trav\u00e9s de nuestro blog.\" \/>\n<meta property=\"og:url\" content=\"https:\/\/gwinnettcoalition.org\/es\/2024\/02\/14\/cual-es-la-relacion-entre-la-resiliencia-y-la-prevencion-del-suicidio\/\" \/>\n<meta property=\"og:site_name\" content=\"Gwinnett Coalition\" \/>\n<meta property=\"article:publisher\" content=\"https:\/\/www.facebook.com\/GwinnettCoalition\/\" \/>\n<meta property=\"article:published_time\" content=\"2024-02-14T20:28:45+00:00\" \/>\n<meta property=\"article:modified_time\" content=\"2024-02-15T18:43:54+00:00\" \/>\n<meta property=\"og:image\" content=\"https:\/\/gwinnettcoalition.org\/wp-content\/uploads\/2023\/12\/gwinnett-building-resilience-and-preventing-suicide.webp\" \/>\n\t<meta property=\"og:image:width\" content=\"512\" \/>\n\t<meta property=\"og:image:height\" content=\"288\" \/>\n\t<meta property=\"og:image:type\" content=\"image\/webp\" \/>\n<meta name=\"author\" content=\"Gwinnett\" \/>\n<meta name=\"twitter:card\" content=\"summary_large_image\" \/>\n<meta name=\"twitter:label1\" content=\"Escrito por\" \/>\n\t<meta name=\"twitter:data1\" content=\"Gwinnett\" \/>\n\t<meta name=\"twitter:label2\" content=\"Tiempo de lectura\" \/>\n\t<meta name=\"twitter:data2\" content=\"8 minutos\" \/>\n<script type=\"application\/ld+json\" class=\"yoast-schema-graph\">{\"@context\":\"https:\\\/\\\/schema.org\",\"@graph\":[{\"@type\":\"Article\",\"@id\":\"https:\\\/\\\/gwinnettcoalition.org\\\/es\\\/2024\\\/02\\\/14\\\/cual-es-la-relacion-entre-la-resiliencia-y-la-prevencion-del-suicidio\\\/#article\",\"isPartOf\":{\"@id\":\"https:\\\/\\\/gwinnettcoalition.org\\\/es\\\/2024\\\/02\\\/14\\\/cual-es-la-relacion-entre-la-resiliencia-y-la-prevencion-del-suicidio\\\/\"},\"author\":{\"name\":\"Gwinnett\",\"@id\":\"https:\\\/\\\/gwinnettcoalition.org\\\/es\\\/#\\\/schema\\\/person\\\/58f57c77be10f69408ed906a0ad4dee1\"},\"headline\":\"\u00bfCu\u00e1l es la relaci\u00f3n entre la resiliencia y la prevenci\u00f3n del suicidio?\",\"datePublished\":\"2024-02-14T20:28:45+00:00\",\"dateModified\":\"2024-02-15T18:43:54+00:00\",\"mainEntityOfPage\":{\"@id\":\"https:\\\/\\\/gwinnettcoalition.org\\\/es\\\/2024\\\/02\\\/14\\\/cual-es-la-relacion-entre-la-resiliencia-y-la-prevencion-del-suicidio\\\/\"},\"wordCount\":1193,\"commentCount\":0,\"publisher\":{\"@id\":\"https:\\\/\\\/gwinnettcoalition.org\\\/es\\\/#organization\"},\"image\":{\"@id\":\"https:\\\/\\\/gwinnettcoalition.org\\\/es\\\/2024\\\/02\\\/14\\\/cual-es-la-relacion-entre-la-resiliencia-y-la-prevencion-del-suicidio\\\/#primaryimage\"},\"thumbnailUrl\":\"https:\\\/\\\/gwinnettcoalition.org\\\/wp-content\\\/uploads\\\/2023\\\/12\\\/gwinnett-building-resilience-and-preventing-suicide.webp\",\"keywords\":[\"construcci\u00f3n de resiliencia\",\"Gwinnett Coalition\",\"recursos para la prevenci\u00f3n del suicidio\",\"resiliencia\",\"suicidio\"],\"articleSection\":[\"Sin categorizar\"],\"inLanguage\":\"es\",\"potentialAction\":[{\"@type\":\"CommentAction\",\"name\":\"Comment\",\"target\":[\"https:\\\/\\\/gwinnettcoalition.org\\\/es\\\/2024\\\/02\\\/14\\\/cual-es-la-relacion-entre-la-resiliencia-y-la-prevencion-del-suicidio\\\/#respond\"]}]},{\"@type\":\"WebPage\",\"@id\":\"https:\\\/\\\/gwinnettcoalition.org\\\/es\\\/2024\\\/02\\\/14\\\/cual-es-la-relacion-entre-la-resiliencia-y-la-prevencion-del-suicidio\\\/\",\"url\":\"https:\\\/\\\/gwinnettcoalition.org\\\/es\\\/2024\\\/02\\\/14\\\/cual-es-la-relacion-entre-la-resiliencia-y-la-prevencion-del-suicidio\\\/\",\"name\":\"C\u00f3mo construir resiliencia para prevenir el suicidio | Gwinnett Coalition\",\"isPartOf\":{\"@id\":\"https:\\\/\\\/gwinnettcoalition.org\\\/es\\\/#website\"},\"primaryImageOfPage\":{\"@id\":\"https:\\\/\\\/gwinnettcoalition.org\\\/es\\\/2024\\\/02\\\/14\\\/cual-es-la-relacion-entre-la-resiliencia-y-la-prevencion-del-suicidio\\\/#primaryimage\"},\"image\":{\"@id\":\"https:\\\/\\\/gwinnettcoalition.org\\\/es\\\/2024\\\/02\\\/14\\\/cual-es-la-relacion-entre-la-resiliencia-y-la-prevencion-del-suicidio\\\/#primaryimage\"},\"thumbnailUrl\":\"https:\\\/\\\/gwinnettcoalition.org\\\/wp-content\\\/uploads\\\/2023\\\/12\\\/gwinnett-building-resilience-and-preventing-suicide.webp\",\"datePublished\":\"2024-02-14T20:28:45+00:00\",\"dateModified\":\"2024-02-15T18:43:54+00:00\",\"description\":\"Construir resiliencia es la clave para desbloquear la esperanza, fomentar la fortaleza y, en \u00faltima instancia, prevenir el suicidio. Descubre c\u00f3mo puedes marcar la diferencia a trav\u00e9s de nuestro blog.\",\"breadcrumb\":{\"@id\":\"https:\\\/\\\/gwinnettcoalition.org\\\/es\\\/2024\\\/02\\\/14\\\/cual-es-la-relacion-entre-la-resiliencia-y-la-prevencion-del-suicidio\\\/#breadcrumb\"},\"inLanguage\":\"es\",\"potentialAction\":[{\"@type\":\"ReadAction\",\"target\":[\"https:\\\/\\\/gwinnettcoalition.org\\\/es\\\/2024\\\/02\\\/14\\\/cual-es-la-relacion-entre-la-resiliencia-y-la-prevencion-del-suicidio\\\/\"]}]},{\"@type\":\"ImageObject\",\"inLanguage\":\"es\",\"@id\":\"https:\\\/\\\/gwinnettcoalition.org\\\/es\\\/2024\\\/02\\\/14\\\/cual-es-la-relacion-entre-la-resiliencia-y-la-prevencion-del-suicidio\\\/#primaryimage\",\"url\":\"https:\\\/\\\/gwinnettcoalition.org\\\/wp-content\\\/uploads\\\/2023\\\/12\\\/gwinnett-building-resilience-and-preventing-suicide.webp\",\"contentUrl\":\"https:\\\/\\\/gwinnettcoalition.org\\\/wp-content\\\/uploads\\\/2023\\\/12\\\/gwinnett-building-resilience-and-preventing-suicide.webp\",\"width\":512,\"height\":288},{\"@type\":\"BreadcrumbList\",\"@id\":\"https:\\\/\\\/gwinnettcoalition.org\\\/es\\\/2024\\\/02\\\/14\\\/cual-es-la-relacion-entre-la-resiliencia-y-la-prevencion-del-suicidio\\\/#breadcrumb\",\"itemListElement\":[{\"@type\":\"ListItem\",\"position\":1,\"name\":\"Home\",\"item\":\"https:\\\/\\\/gwinnettcoalition.org\\\/es\\\/\"},{\"@type\":\"ListItem\",\"position\":2,\"name\":\"\u00bfCu\u00e1l es la relaci\u00f3n entre la resiliencia y la prevenci\u00f3n del suicidio?\"}]},{\"@type\":\"WebSite\",\"@id\":\"https:\\\/\\\/gwinnettcoalition.org\\\/es\\\/#website\",\"url\":\"https:\\\/\\\/gwinnettcoalition.org\\\/es\\\/\",\"name\":\"Gwinnett\",\"description\":\"Advancing the health and well-being of Gwinnett residents.\",\"publisher\":{\"@id\":\"https:\\\/\\\/gwinnettcoalition.org\\\/es\\\/#organization\"},\"potentialAction\":[{\"@type\":\"SearchAction\",\"target\":{\"@type\":\"EntryPoint\",\"urlTemplate\":\"https:\\\/\\\/gwinnettcoalition.org\\\/es\\\/?s={search_term_string}\"},\"query-input\":{\"@type\":\"PropertyValueSpecification\",\"valueRequired\":true,\"valueName\":\"search_term_string\"}}],\"inLanguage\":\"es\"},{\"@type\":\"Organization\",\"@id\":\"https:\\\/\\\/gwinnettcoalition.org\\\/es\\\/#organization\",\"name\":\"Gwinnett\",\"url\":\"https:\\\/\\\/gwinnettcoalition.org\\\/es\\\/\",\"logo\":{\"@type\":\"ImageObject\",\"inLanguage\":\"es\",\"@id\":\"https:\\\/\\\/gwinnettcoalition.org\\\/es\\\/#\\\/schema\\\/logo\\\/image\\\/\",\"url\":\"https:\\\/\\\/gwinnettcoalition.org\\\/wp-content\\\/uploads\\\/2023\\\/10\\\/LogoHorizontal-Gwinnett-1.svg\",\"contentUrl\":\"https:\\\/\\\/gwinnettcoalition.org\\\/wp-content\\\/uploads\\\/2023\\\/10\\\/LogoHorizontal-Gwinnett-1.svg\",\"width\":183,\"height\":49,\"caption\":\"Gwinnett\"},\"image\":{\"@id\":\"https:\\\/\\\/gwinnettcoalition.org\\\/es\\\/#\\\/schema\\\/logo\\\/image\\\/\"},\"sameAs\":[\"https:\\\/\\\/www.facebook.com\\\/GwinnettCoalition\\\/\",\"https:\\\/\\\/www.instagram.com\\\/gwinnettcoalition\\\/?hl=en\",\"https:\\\/\\\/www.linkedin.com\\\/company\\\/gwinnett-coalition-for-health-and-human-services\\\/\",\"https:\\\/\\\/www.youtube.com\\\/user\\\/GreatDaysOfService\"]},{\"@type\":\"Person\",\"@id\":\"https:\\\/\\\/gwinnettcoalition.org\\\/es\\\/#\\\/schema\\\/person\\\/58f57c77be10f69408ed906a0ad4dee1\",\"name\":\"Gwinnett\",\"image\":{\"@type\":\"ImageObject\",\"inLanguage\":\"es\",\"@id\":\"https:\\\/\\\/secure.gravatar.com\\\/avatar\\\/e6cfdb11b64c72f85d0c60ba9bb125af86a5c24ddfa4912684c70195f346b21f?s=96&d=mm&r=g\",\"url\":\"https:\\\/\\\/secure.gravatar.com\\\/avatar\\\/e6cfdb11b64c72f85d0c60ba9bb125af86a5c24ddfa4912684c70195f346b21f?s=96&d=mm&r=g\",\"contentUrl\":\"https:\\\/\\\/secure.gravatar.com\\\/avatar\\\/e6cfdb11b64c72f85d0c60ba9bb125af86a5c24ddfa4912684c70195f346b21f?s=96&d=mm&r=g\",\"caption\":\"Gwinnett\"},\"sameAs\":[\"http:\\\/\\\/209.97.150.82\"],\"url\":\"https:\\\/\\\/gwinnettcoalition.org\\\/es\\\/author\\\/gwinnett\\\/\"}]}<\/script>\n<!-- \/ Yoast SEO plugin. -->","yoast_head_json":{"title":"C\u00f3mo construir resiliencia para prevenir el suicidio | Gwinnett Coalition","description":"Construir resiliencia es la clave para desbloquear la esperanza, fomentar la fortaleza y, en \u00faltima instancia, prevenir el suicidio. Descubre c\u00f3mo puedes marcar la diferencia a trav\u00e9s de nuestro blog.","robots":{"index":"index","follow":"follow","max-snippet":"max-snippet:-1","max-image-preview":"max-image-preview:large","max-video-preview":"max-video-preview:-1"},"canonical":"https:\/\/gwinnettcoalition.org\/es\/2024\/02\/14\/cual-es-la-relacion-entre-la-resiliencia-y-la-prevencion-del-suicidio\/","og_locale":"es_ES","og_type":"article","og_title":"C\u00f3mo construir resiliencia para prevenir el suicidio | Gwinnett Coalition","og_description":"Construir resiliencia es la clave para desbloquear la esperanza, fomentar la fortaleza y, en \u00faltima instancia, prevenir el suicidio. Descubre c\u00f3mo puedes marcar la diferencia a trav\u00e9s de nuestro blog.","og_url":"https:\/\/gwinnettcoalition.org\/es\/2024\/02\/14\/cual-es-la-relacion-entre-la-resiliencia-y-la-prevencion-del-suicidio\/","og_site_name":"Gwinnett Coalition","article_publisher":"https:\/\/www.facebook.com\/GwinnettCoalition\/","article_published_time":"2024-02-14T20:28:45+00:00","article_modified_time":"2024-02-15T18:43:54+00:00","og_image":[{"width":512,"height":288,"url":"https:\/\/gwinnettcoalition.org\/wp-content\/uploads\/2023\/12\/gwinnett-building-resilience-and-preventing-suicide.webp","type":"image\/webp"}],"author":"Gwinnett","twitter_card":"summary_large_image","twitter_misc":{"Escrito por":"Gwinnett","Tiempo de lectura":"8 minutos"},"schema":{"@context":"https:\/\/schema.org","@graph":[{"@type":"Article","@id":"https:\/\/gwinnettcoalition.org\/es\/2024\/02\/14\/cual-es-la-relacion-entre-la-resiliencia-y-la-prevencion-del-suicidio\/#article","isPartOf":{"@id":"https:\/\/gwinnettcoalition.org\/es\/2024\/02\/14\/cual-es-la-relacion-entre-la-resiliencia-y-la-prevencion-del-suicidio\/"},"author":{"name":"Gwinnett","@id":"https:\/\/gwinnettcoalition.org\/es\/#\/schema\/person\/58f57c77be10f69408ed906a0ad4dee1"},"headline":"\u00bfCu\u00e1l es la relaci\u00f3n entre la resiliencia y la prevenci\u00f3n del suicidio?","datePublished":"2024-02-14T20:28:45+00:00","dateModified":"2024-02-15T18:43:54+00:00","mainEntityOfPage":{"@id":"https:\/\/gwinnettcoalition.org\/es\/2024\/02\/14\/cual-es-la-relacion-entre-la-resiliencia-y-la-prevencion-del-suicidio\/"},"wordCount":1193,"commentCount":0,"publisher":{"@id":"https:\/\/gwinnettcoalition.org\/es\/#organization"},"image":{"@id":"https:\/\/gwinnettcoalition.org\/es\/2024\/02\/14\/cual-es-la-relacion-entre-la-resiliencia-y-la-prevencion-del-suicidio\/#primaryimage"},"thumbnailUrl":"https:\/\/gwinnettcoalition.org\/wp-content\/uploads\/2023\/12\/gwinnett-building-resilience-and-preventing-suicide.webp","keywords":["construcci\u00f3n de resiliencia","Gwinnett Coalition","recursos para la prevenci\u00f3n del suicidio","resiliencia","suicidio"],"articleSection":["Sin categorizar"],"inLanguage":"es","potentialAction":[{"@type":"CommentAction","name":"Comment","target":["https:\/\/gwinnettcoalition.org\/es\/2024\/02\/14\/cual-es-la-relacion-entre-la-resiliencia-y-la-prevencion-del-suicidio\/#respond"]}]},{"@type":"WebPage","@id":"https:\/\/gwinnettcoalition.org\/es\/2024\/02\/14\/cual-es-la-relacion-entre-la-resiliencia-y-la-prevencion-del-suicidio\/","url":"https:\/\/gwinnettcoalition.org\/es\/2024\/02\/14\/cual-es-la-relacion-entre-la-resiliencia-y-la-prevencion-del-suicidio\/","name":"C\u00f3mo construir resiliencia para prevenir el suicidio | Gwinnett Coalition","isPartOf":{"@id":"https:\/\/gwinnettcoalition.org\/es\/#website"},"primaryImageOfPage":{"@id":"https:\/\/gwinnettcoalition.org\/es\/2024\/02\/14\/cual-es-la-relacion-entre-la-resiliencia-y-la-prevencion-del-suicidio\/#primaryimage"},"image":{"@id":"https:\/\/gwinnettcoalition.org\/es\/2024\/02\/14\/cual-es-la-relacion-entre-la-resiliencia-y-la-prevencion-del-suicidio\/#primaryimage"},"thumbnailUrl":"https:\/\/gwinnettcoalition.org\/wp-content\/uploads\/2023\/12\/gwinnett-building-resilience-and-preventing-suicide.webp","datePublished":"2024-02-14T20:28:45+00:00","dateModified":"2024-02-15T18:43:54+00:00","description":"Construir resiliencia es la clave para desbloquear la esperanza, fomentar la fortaleza y, en \u00faltima instancia, prevenir el suicidio. Descubre c\u00f3mo puedes marcar la diferencia a trav\u00e9s de nuestro blog.","breadcrumb":{"@id":"https:\/\/gwinnettcoalition.org\/es\/2024\/02\/14\/cual-es-la-relacion-entre-la-resiliencia-y-la-prevencion-del-suicidio\/#breadcrumb"},"inLanguage":"es","potentialAction":[{"@type":"ReadAction","target":["https:\/\/gwinnettcoalition.org\/es\/2024\/02\/14\/cual-es-la-relacion-entre-la-resiliencia-y-la-prevencion-del-suicidio\/"]}]},{"@type":"ImageObject","inLanguage":"es","@id":"https:\/\/gwinnettcoalition.org\/es\/2024\/02\/14\/cual-es-la-relacion-entre-la-resiliencia-y-la-prevencion-del-suicidio\/#primaryimage","url":"https:\/\/gwinnettcoalition.org\/wp-content\/uploads\/2023\/12\/gwinnett-building-resilience-and-preventing-suicide.webp","contentUrl":"https:\/\/gwinnettcoalition.org\/wp-content\/uploads\/2023\/12\/gwinnett-building-resilience-and-preventing-suicide.webp","width":512,"height":288},{"@type":"BreadcrumbList","@id":"https:\/\/gwinnettcoalition.org\/es\/2024\/02\/14\/cual-es-la-relacion-entre-la-resiliencia-y-la-prevencion-del-suicidio\/#breadcrumb","itemListElement":[{"@type":"ListItem","position":1,"name":"Home","item":"https:\/\/gwinnettcoalition.org\/es\/"},{"@type":"ListItem","position":2,"name":"\u00bfCu\u00e1l es la relaci\u00f3n entre la resiliencia y la prevenci\u00f3n del suicidio?"}]},{"@type":"WebSite","@id":"https:\/\/gwinnettcoalition.org\/es\/#website","url":"https:\/\/gwinnettcoalition.org\/es\/","name":"Gwinnett","description":"Advancing the health and well-being of Gwinnett residents.","publisher":{"@id":"https:\/\/gwinnettcoalition.org\/es\/#organization"},"potentialAction":[{"@type":"SearchAction","target":{"@type":"EntryPoint","urlTemplate":"https:\/\/gwinnettcoalition.org\/es\/?s={search_term_string}"},"query-input":{"@type":"PropertyValueSpecification","valueRequired":true,"valueName":"search_term_string"}}],"inLanguage":"es"},{"@type":"Organization","@id":"https:\/\/gwinnettcoalition.org\/es\/#organization","name":"Gwinnett","url":"https:\/\/gwinnettcoalition.org\/es\/","logo":{"@type":"ImageObject","inLanguage":"es","@id":"https:\/\/gwinnettcoalition.org\/es\/#\/schema\/logo\/image\/","url":"https:\/\/gwinnettcoalition.org\/wp-content\/uploads\/2023\/10\/LogoHorizontal-Gwinnett-1.svg","contentUrl":"https:\/\/gwinnettcoalition.org\/wp-content\/uploads\/2023\/10\/LogoHorizontal-Gwinnett-1.svg","width":183,"height":49,"caption":"Gwinnett"},"image":{"@id":"https:\/\/gwinnettcoalition.org\/es\/#\/schema\/logo\/image\/"},"sameAs":["https:\/\/www.facebook.com\/GwinnettCoalition\/","https:\/\/www.instagram.com\/gwinnettcoalition\/?hl=en","https:\/\/www.linkedin.com\/company\/gwinnett-coalition-for-health-and-human-services\/","https:\/\/www.youtube.com\/user\/GreatDaysOfService"]},{"@type":"Person","@id":"https:\/\/gwinnettcoalition.org\/es\/#\/schema\/person\/58f57c77be10f69408ed906a0ad4dee1","name":"Gwinnett","image":{"@type":"ImageObject","inLanguage":"es","@id":"https:\/\/secure.gravatar.com\/avatar\/e6cfdb11b64c72f85d0c60ba9bb125af86a5c24ddfa4912684c70195f346b21f?s=96&d=mm&r=g","url":"https:\/\/secure.gravatar.com\/avatar\/e6cfdb11b64c72f85d0c60ba9bb125af86a5c24ddfa4912684c70195f346b21f?s=96&d=mm&r=g","contentUrl":"https:\/\/secure.gravatar.com\/avatar\/e6cfdb11b64c72f85d0c60ba9bb125af86a5c24ddfa4912684c70195f346b21f?s=96&d=mm&r=g","caption":"Gwinnett"},"sameAs":["http:\/\/209.97.150.82"],"url":"https:\/\/gwinnettcoalition.org\/es\/author\/gwinnett\/"}]}},"_links":{"self":[{"href":"https:\/\/gwinnettcoalition.org\/es\/wp-json\/wp\/v2\/posts\/30392","targetHints":{"allow":["GET"]}}],"collection":[{"href":"https:\/\/gwinnettcoalition.org\/es\/wp-json\/wp\/v2\/posts"}],"about":[{"href":"https:\/\/gwinnettcoalition.org\/es\/wp-json\/wp\/v2\/types\/post"}],"author":[{"embeddable":true,"href":"https:\/\/gwinnettcoalition.org\/es\/wp-json\/wp\/v2\/users\/1"}],"replies":[{"embeddable":true,"href":"https:\/\/gwinnettcoalition.org\/es\/wp-json\/wp\/v2\/comments?post=30392"}],"version-history":[{"count":7,"href":"https:\/\/gwinnettcoalition.org\/es\/wp-json\/wp\/v2\/posts\/30392\/revisions"}],"predecessor-version":[{"id":30479,"href":"https:\/\/gwinnettcoalition.org\/es\/wp-json\/wp\/v2\/posts\/30392\/revisions\/30479"}],"wp:featuredmedia":[{"embeddable":true,"href":"https:\/\/gwinnettcoalition.org\/es\/wp-json\/wp\/v2\/media\/29866"}],"wp:attachment":[{"href":"https:\/\/gwinnettcoalition.org\/es\/wp-json\/wp\/v2\/media?parent=30392"}],"wp:term":[{"taxonomy":"category","embeddable":true,"href":"https:\/\/gwinnettcoalition.org\/es\/wp-json\/wp\/v2\/categories?post=30392"},{"taxonomy":"post_tag","embeddable":true,"href":"https:\/\/gwinnettcoalition.org\/es\/wp-json\/wp\/v2\/tags?post=30392"}],"curies":[{"name":"wp","href":"https:\/\/api.w.org\/{rel}","templated":true}]}}