{"id":30402,"date":"2024-02-14T20:41:07","date_gmt":"2024-02-14T20:41:07","guid":{"rendered":"https:\/\/gwinnettcoalition.org\/?p=30402"},"modified":"2024-02-15T18:43:11","modified_gmt":"2024-02-15T18:43:11","slug":"rompiendo-el-ciclo-comprendiendo-las-experiencias-adversas-en-la-infancia","status":"publish","type":"post","link":"https:\/\/gwinnettcoalition.org\/es\/2024\/02\/14\/rompiendo-el-ciclo-comprendiendo-las-experiencias-adversas-en-la-infancia\/","title":{"rendered":"Rompiendo el ciclo: comprendiendo las Experiencias Adversas en la Infancia"},"content":{"rendered":"\t\t<div data-elementor-type=\"wp-post\" data-elementor-id=\"30402\" class=\"elementor elementor-30402\" data-elementor-post-type=\"post\">\n\t\t\t\t<div class=\"elementor-element elementor-element-f6bbaf8 e-con-full e-flex e-con e-parent\" data-id=\"f6bbaf8\" data-element_type=\"container\" data-e-type=\"container\">\n\t\t\t\t<\/div>\n\t\t<div class=\"elementor-element elementor-element-a2b52e5 e-con-full e-flex e-con e-parent\" data-id=\"a2b52e5\" data-element_type=\"container\" data-e-type=\"container\">\n\t\t<div class=\"elementor-element elementor-element-ab53a02 e-flex e-con-boxed e-con e-child\" data-id=\"ab53a02\" data-element_type=\"container\" data-e-type=\"container\">\n\t\t\t\t\t<div class=\"e-con-inner\">\n\t\t<div class=\"elementor-element elementor-element-b9f4719 e-con-full e-flex e-con e-child\" data-id=\"b9f4719\" data-element_type=\"container\" data-e-type=\"container\">\n\t\t<div class=\"elementor-element elementor-element-608c4f0 e-con-full e-flex e-con e-child\" data-id=\"608c4f0\" data-element_type=\"container\" data-e-type=\"container\">\n\t\t\t\t<div class=\"elementor-element elementor-element-caffede elementor-widget__width-inherit elementor-widget elementor-widget-heading\" data-id=\"caffede\" data-element_type=\"widget\" data-e-type=\"widget\" data-widget_type=\"heading.default\">\n\t\t\t\t<div class=\"elementor-widget-container\">\n\t\t\t\t\t<h1 class=\"elementor-heading-title elementor-size-default\">Rompiendo el ciclo: comprendiendo las Experiencias Adversas en la Infancia<\/h1>\t\t\t\t<\/div>\n\t\t\t\t<\/div>\n\t\t\t\t<\/div>\n\t\t<div class=\"elementor-element elementor-element-c608928 e-flex e-con-boxed e-con e-child\" data-id=\"c608928\" data-element_type=\"container\" data-e-type=\"container\">\n\t\t\t\t\t<div class=\"e-con-inner\">\n\t\t\t\t<div class=\"elementor-element elementor-element-fe0f0f7 elementor-widget elementor-widget-image\" data-id=\"fe0f0f7\" data-element_type=\"widget\" data-e-type=\"widget\" data-widget_type=\"image.default\">\n\t\t\t\t<div class=\"elementor-widget-container\">\n\t\t\t\t\t\t\t\t\t\t\t\t\t\t\t<img fetchpriority=\"high\" decoding=\"async\" width=\"512\" height=\"288\" src=\"https:\/\/gwinnettcoalition.org\/wp-content\/uploads\/2024\/01\/gwinnett-experiencias-adversas-infancia.webp\" class=\"attachment-large size-large wp-image-30065\" alt=\"\" srcset=\"https:\/\/gwinnettcoalition.org\/wp-content\/uploads\/2024\/01\/gwinnett-experiencias-adversas-infancia.webp 512w, https:\/\/gwinnettcoalition.org\/wp-content\/uploads\/2024\/01\/gwinnett-experiencias-adversas-infancia-300x169.webp 300w\" sizes=\"(max-width: 512px) 100vw, 512px\" \/>\t\t\t\t\t\t\t\t\t\t\t\t\t\t\t<\/div>\n\t\t\t\t<\/div>\n\t\t\t\t\t<\/div>\n\t\t\t\t<\/div>\n\t\t\t\t<\/div>\n\t\t<div class=\"elementor-element elementor-element-0a83711 e-con-full e-flex e-con e-child\" data-id=\"0a83711\" data-element_type=\"container\" data-e-type=\"container\">\n\t\t\t\t<div class=\"elementor-element elementor-element-1fe770d elementor-widget elementor-widget-text-editor\" data-id=\"1fe770d\" data-element_type=\"widget\" data-e-type=\"widget\" data-widget_type=\"text-editor.default\">\n\t\t\t\t<div class=\"elementor-widget-container\">\n\t\t\t\t\t\t\t\t\t<p><span style=\"font-weight: 400;\">\u00bfRecuerdas al compa\u00f1ero de clase &#8220;alborotador&#8221; que siempre parec\u00eda terminar en la oficina del director? \u00bfO al abus\u00f3n aterrorizando a otros estudiantes en el patio de recreo? \u00bfY qu\u00e9 hay del ni\u00f1o callado y aislado, desestimado como t\u00edmido o sombr\u00edo?\u00a0<\/span><\/p><p>\u00a0<\/p><p><span style=\"font-weight: 400;\">Tras estas conductas infantiles, a menudo se esconden heridas producto de la adversidad: traumas como la violencia dom\u00e9stica, el abandono de los padres u otras amenazas que ning\u00fan ni\u00f1o deber\u00eda padecer.\u00a0\u00a0<\/span><\/p><p>\u00a0<\/p><p><span style=\"font-weight: 400;\">Estas son las Experiencias Adversas en la Infancia (ACE, por sus siglas en ingl\u00e9s), eventos que dejan una huella imborrable y aumentan a largo plazo los riesgos de enfermedades cr\u00f3nicas, problemas de salud mental, oportunidades perdidas y muerte prematura a medida que estos ni\u00f1os crecen.<\/span><\/p><p>\u00a0<\/p><p><span style=\"font-weight: 400;\">El da\u00f1o causado por las ACE va desde traumas tempranos y se extiende mucho m\u00e1s all\u00e1 del patio de recreo y los a\u00f1os formativos. Moldean profundamente la capacidad para ser padres, formar relaciones, resistir el estr\u00e9s y mantener la salud a lo largo de la vida.\u00a0\u00a0<\/span><\/p><p>\u00a0<\/p><p><span style=\"font-weight: 400;\">En Gwinnett Coalition, seguimos comprometidos con fomentar el bienestar comunitario. Esto requiere mirar con firmeza, pero tambi\u00e9n con compasi\u00f3n, las extensas consecuencias que pueden derivarse de la adversidad infantil. Podemos promover la resiliencia y sanar el da\u00f1o transgeneracional, aumentando la concienciaci\u00f3n, impulsando la prevenci\u00f3n y construyendo sistemas de apoyo.<\/span><\/p><p>\u00a0<\/p><h2><span style=\"font-weight: 400;\">\u00bfQu\u00e9 son las ACE?<\/span><\/h2><p><span style=\"font-weight: 400;\">Las ACE, o Experiencias Adversas en la Infancia, es un concepto que surgi\u00f3 a partir de un <\/span><a href=\"https:\/\/www-ajpmonline-org.translate.goog\/article\/S0749-3797(98)00017-8\/fulltext?_x_tr_sl=auto&amp;_x_tr_tl=es&amp;_x_tr_hl=es-419&amp;_x_tr_pto=wapp\"><span style=\"font-weight: 400;\">innovador estudio realizado en 1995<\/span><\/a><span style=\"font-weight: 400;\"> por los Centros para el Control de Enfermedades y la organizaci\u00f3n de atenci\u00f3n m\u00e9dica Kaiser Permanente en California.<\/span><\/p><p>\u00a0<\/p><p><span style=\"font-weight: 400;\">En dicho estudio, las ACE abarcaban tres tipos espec\u00edficos de adversidad que los ni\u00f1os enfrentaban en sus hogares: diversas formas de abuso f\u00edsico y emocional, negligencia y disfunci\u00f3n familiar.<\/span><\/p><p>\u00a0<\/p><p><span style=\"font-weight: 400;\">Los hallazgos clave de numerosos estudios que utilizaron esos datos originales sobre ACE son bifac\u00e9ticos: las ACE son prevalentes, incluso en poblaciones de clase media, con m\u00e1s de dos tercios de las personas reportando al menos una ACE, y casi una cuarta parte experimentando tres o m\u00e1s. Existe una s\u00f3lida y duradera correlaci\u00f3n entre la cantidad de ACE vivenciadas y una mayor probabilidad de resultados adversos posteriormente en la vida.<\/span><\/p><p><br \/><span style=\"font-weight: 400;\">Dichos resultados incluyen un riesgo significativamente mayor de enfermedades card\u00edacas, diabetes, obesidad, depresi\u00f3n, abuso de sustancias, tabaquismo, bajo rendimiento acad\u00e9mico, largos per\u00edodos de desempleo y muerte prematura.<\/span><span style=\"font-weight: 400;\"><br \/><\/span><img decoding=\"async\" class=\"alignnone wp-image-30065 size-full\" src=\"https:\/\/gwinnettcoalition.org\/wp-content\/uploads\/2024\/01\/gwinnett-experiencias-adversas-infancia.webp\" alt=\"\" width=\"512\" height=\"288\" srcset=\"https:\/\/gwinnettcoalition.org\/wp-content\/uploads\/2024\/01\/gwinnett-experiencias-adversas-infancia.webp 512w, https:\/\/gwinnettcoalition.org\/wp-content\/uploads\/2024\/01\/gwinnett-experiencias-adversas-infancia-300x169.webp 300w\" sizes=\"(max-width: 512px) 100vw, 512px\" \/><\/p><p>\u00a0<\/p><h2><span style=\"font-weight: 400;\">\u00bfQu\u00e9 tan comunes son las ACE?<\/span><\/h2><p><span style=\"font-weight: 400;\">Las experiencias adversas en la infancia son tr\u00e1gicamente frecuentes en Estados Unidos. Seg\u00fan la CDC, <\/span><a href=\"https:\/\/www-cdc-gov.translate.goog\/violenceprevention\/aces\/fastfact.html?_x_tr_sl=auto&amp;_x_tr_tl=es&amp;_x_tr_hl=es-419&amp;_x_tr_pto=wapp\"><span style=\"font-weight: 400;\">el 64% de los adultos reporta haber vivido al menos un tipo de adversidad<\/span><\/a><span style=\"font-weight: 400;\"> durante su infancia, como abuso, disfunci\u00f3n familiar o negligencia. De manera alarmante, casi 1 de cada 6 adultos informa haber experimentado cuatro o m\u00e1s categor\u00edas diferentes de ACE antes de los 18 a\u00f1os.\u00a0\u00a0<\/span><\/p><p>\u00a0<\/p><p><span style=\"font-weight: 400;\">Prevenir tales traumas tiene un inmenso potencial para reducir el sufrimiento humano. Estudios sugieren que hasta 1.9 millones de casos de enfermedades card\u00edacas y 21 millones de casos de depresi\u00f3n podr\u00edan haberse evitado previniendo las ACE.\u00a0\u00a0<\/span><\/p><p>\u00a0<\/p><p><span style=\"font-weight: 400;\">Aunque cualquier ni\u00f1o puede pasar por situaciones adversas, algunos grupos enfrentan riesgos m\u00e1s elevados. Las tasas son especialmente altas entre mujeres, nativos americanos\/ind\u00edgenas de Alaska, desempleados e incapacitados para trabajar. La desventaja intergeneracional hist\u00f3rica y continua tambi\u00e9n aumenta los riesgos en comunidades de color y en situaci\u00f3n de pobreza.\u00a0\u00a0<\/span><\/p><p>\u00a0<\/p><p><span style=\"font-weight: 400;\">Los costos econ\u00f3micos de fallar a nuestros ni\u00f1os tambi\u00e9n se acumulan. Investigadores estiman conservadoramente $748 mil millones en costos anuales en Norteam\u00e9rica relacionados a enfermedades derivadas de las ACE. Esta impactante cifra resalta la vital necesidad de acciones preventivas.<\/span><\/p><p><br \/><br \/><\/p><h2><span style=\"font-weight: 400;\">El efecto duradero de la adversidad temprana\u00a0<\/span><\/h2><p><span style=\"font-weight: 400;\">El impacto de las ACE se extiende mucho m\u00e1s all\u00e1 de la infancia, afectando significativamente la salud, oportunidades, relaciones y crianza en la adultez. Puntuaciones altas en ACE aumentan los riesgos de enfermedades cr\u00f3nicas, mentales, violencia y trauma.\u00a0\u00a0<\/span><\/p><p>\u00a0<\/p><p><span style=\"font-weight: 400;\">Investigaciones indican que personas con <\/span><a href=\"https:\/\/cthc-ucsf-edu.translate.goog\/why-trauma\/?_x_tr_sl=auto&amp;_x_tr_tl=es&amp;_x_tr_hl=es-419&amp;_x_tr_pto=wapp\"><span style=\"font-weight: 400;\">cuatro o m\u00e1s ACE tienen<\/span><\/a><span style=\"font-weight: 400;\">:<\/span><\/p><p>\u00a0<\/p><ul><li style=\"font-weight: 400;\" aria-level=\"1\"><span style=\"font-weight: 400;\">1.4 veces m\u00e1s probabilidades de tener diabetes.\u00a0\u00a0<\/span><\/li><li style=\"font-weight: 400;\" aria-level=\"1\"><span style=\"font-weight: 400;\">De 2 a 2.3 veces m\u00e1s probabilidades de sufrir accidente cerebrovascular, c\u00e1ncer o enfermedad card\u00edaca.\u00a0\u00a0<\/span><\/li><li style=\"font-weight: 400;\" aria-level=\"1\"><span style=\"font-weight: 400;\">3 veces m\u00e1s probabilidades de fumar.\u00a0\u00a0\u00a0<\/span><\/li><li style=\"font-weight: 400;\" aria-level=\"1\"><span style=\"font-weight: 400;\">3.2 veces m\u00e1s probabilidades de padecer enfermedad pulmonar cr\u00f3nica.\u00a0\u00a0<\/span><\/li><li style=\"font-weight: 400;\" aria-level=\"1\"><span style=\"font-weight: 400;\">5 veces m\u00e1s probabilidades de tener depresi\u00f3n mayor.\u00a0\u00a0<\/span><\/li><li style=\"font-weight: 400;\" aria-level=\"1\"><span style=\"font-weight: 400;\">10 veces m\u00e1s probabilidades de tener un &#8220;uso problem\u00e1tico de drogas&#8221;.\u00a0\u00a0<\/span><\/li><li style=\"font-weight: 400;\" aria-level=\"1\"><span style=\"font-weight: 400;\">37.5 veces m\u00e1s probabilidades de intentar suicidarse.\u00a0<\/span><\/li><\/ul><p>\u00a0<\/p><p><span style=\"font-weight: 400;\">Los CDC asocian las ACE con problemas que van desde complicaciones en embarazos adolescentes hasta diversos tipos de c\u00e1ncer y suicidio. Las repercusiones tambi\u00e9n incluyen historias laborales inestables, dificultades financieras, problemas para formar relaciones saludables y depresi\u00f3n. Este ciclo de sufrimiento a menudo perdura en la siguiente generaci\u00f3n.<\/span><\/p><p>\u00a0<\/p><h2><span style=\"font-weight: 400;\">Estr\u00e9s t\u00f3xico y determinantes sociales: un c\u00edrculo vicioso<\/span><\/h2><p><span style=\"font-weight: 400;\">La convergencia de las ACE con las barreras creadas por las desigualdades sociales alimenta un c\u00edrculo destructivo. El racismo, la pobreza, el limitado acceso a la atenci\u00f3n m\u00e9dica y la vivienda precaria conforman un entorno <\/span><a href=\"https:\/\/developingchild-harvard-edu.translate.goog\/resources\/aces-and-toxic-stress-frequently-asked-questions\/?_x_tr_sl=auto&amp;_x_tr_tl=es&amp;_x_tr_hl=es-419&amp;_x_tr_pto=wapp\"><span style=\"font-weight: 400;\">propicio para el &#8220;estr\u00e9s t\u00f3xico&#8221;<\/span><\/a><span style=\"font-weight: 400;\">.\u00a0\u00a0<\/span><\/p><p>\u00a0<\/p><p><span style=\"font-weight: 400;\">Esta intensa e ininterrumpida activaci\u00f3n de la respuesta al estr\u00e9s da\u00f1a los cerebros en desarrollo, los sistemas inmunes y los sistemas hormonales. La adversidad resultante deja a los ni\u00f1os mal equipados para tener \u00e9xito en la educaci\u00f3n, el trabajo y las relaciones, y con demasiada frecuencia se enfrentan a problemas de salud mental, adicci\u00f3n, enfermedad y desesperanza.<\/span><\/p><p><img decoding=\"async\" class=\"alignnone wp-image-30068 size-full\" src=\"https:\/\/gwinnettcoalition.org\/wp-content\/uploads\/2024\/01\/gwinnett-estres-toxico.webp\" alt=\"\" width=\"512\" height=\"288\" srcset=\"https:\/\/gwinnettcoalition.org\/wp-content\/uploads\/2024\/01\/gwinnett-estres-toxico.webp 512w, https:\/\/gwinnettcoalition.org\/wp-content\/uploads\/2024\/01\/gwinnett-estres-toxico-300x169.webp 300w\" sizes=\"(max-width: 512px) 100vw, 512px\" \/><\/p><p>\u00a0<\/p><h2><span style=\"font-weight: 400;\">Sanando el da\u00f1o de traumas continuos e hist\u00f3ricos<\/span><\/h2><p><span style=\"font-weight: 400;\">Para grupos marginados, los traumas culturales pueden aumentar las exposiciones individuales a la adversidad. Las heridas de la esclavitud, la asimilaci\u00f3n forzada, la exclusi\u00f3n y la discriminaci\u00f3n continua, sumadas a la pobreza y la falta de oportunidades, exacerban las disparidades en salud mental. Mientras trabajamos para interrumpir los ciclos de dificultades en el condado de Gwinnett, debemos afrontar ese pasado mientras luchamos por la justicia racial y la inclusi\u00f3n.<\/span><\/p><p><br \/><br \/><\/p><h2><span style=\"font-weight: 400;\">Razones para la esperanza: rompiendo el c\u00edrculo<\/span><\/h2><p><span style=\"font-weight: 400;\">Aunque desalentador, el entramado de desaf\u00edos derivados de las ACE no es indestructible. Al aumentar la concienciaci\u00f3n, impulsar la prevenci\u00f3n y fomentar comunidades solidarias y equitativas, podemos promover la resiliencia: amortiguadores que protegen a los ni\u00f1os del estr\u00e9s t\u00f3xico.<\/span><\/p><p>\u00a0<\/p><p><span style=\"font-weight: 400;\">Podemos garantizar atenci\u00f3n y oportunidades para quienes a\u00fan sufren los persistentes impactos de la adversidad. Y podemos detener la repetici\u00f3n transgeneracional del da\u00f1o. En la Gwinnett Coalition, estamos comprometidos con esta visi\u00f3n: propiciar el bienestar sin limitaciones del pasado.<\/span><\/p>\t\t\t\t\t\t\t\t<\/div>\n\t\t\t\t<\/div>\n\t\t\t\t<\/div>\n\t\t\t\t\t<\/div>\n\t\t\t\t<\/div>\n\t\t\t\t<\/div>\n\t\t<div class=\"elementor-element elementor-element-bfac0c4 e-con-full e-flex e-con e-parent\" data-id=\"bfac0c4\" data-element_type=\"container\" data-e-type=\"container\">\n\t\t\t\t<\/div>\n\t\t\t\t<\/div>\n\t\t","protected":false},"excerpt":{"rendered":"<p>Rompiendo el ciclo: comprendiendo las Experiencias Adversas en la Infancia \u00bfRecuerdas al compa\u00f1ero de clase &#8220;alborotador&#8221; que siempre parec\u00eda terminar en la oficina del director? \u00bfO al abus\u00f3n aterrorizando a [&hellip;]<\/p>\n","protected":false},"author":1,"featured_media":30065,"comment_status":"open","ping_status":"open","sticky":false,"template":"elementor_canvas","format":"standard","meta":{"_monsterinsights_skip_tracking":false,"_monsterinsights_sitenote_active":false,"_monsterinsights_sitenote_note":"","_monsterinsights_sitenote_category":0,"footnotes":""},"categories":[4398],"tags":[4451,4460,4478,4476,4477],"class_list":["post-30402","post","type-post","status-publish","format-standard","has-post-thumbnail","hentry","category-sin-categorizar","tag-condado-de-gwinnett-es","tag-gwinnett-coalition-es","tag-infancia-es","tag-que-son-las-experiencias-adversas-en-la-infancia-es","tag-trauma-es"],"yoast_head":"<!-- This site is optimized with the Yoast SEO plugin v27.4 - https:\/\/yoast.com\/product\/yoast-seo-wordpress\/ -->\n<title>\u00bfQu\u00e9 son las experiencias adversas en la infancia? | Gwinnett Coalition<\/title>\n<meta name=\"description\" content=\"Descubra el impacto de las experiencias adversas en la infancia en la salud y el bienestar, as\u00ed como estad\u00edsticas, medidas preventivas y consejos para romper el ciclo.\" \/>\n<meta name=\"robots\" content=\"index, follow, max-snippet:-1, max-image-preview:large, max-video-preview:-1\" \/>\n<link rel=\"canonical\" href=\"https:\/\/gwinnettcoalition.org\/es\/2024\/02\/14\/rompiendo-el-ciclo-comprendiendo-las-experiencias-adversas-en-la-infancia\/\" \/>\n<meta property=\"og:locale\" content=\"es_ES\" \/>\n<meta property=\"og:type\" content=\"article\" \/>\n<meta property=\"og:title\" content=\"\u00bfQu\u00e9 son las experiencias adversas en la infancia? | Gwinnett Coalition\" \/>\n<meta property=\"og:description\" content=\"Descubra el impacto de las experiencias adversas en la infancia en la salud y el bienestar, as\u00ed como estad\u00edsticas, medidas preventivas y consejos para romper el ciclo.\" \/>\n<meta property=\"og:url\" content=\"https:\/\/gwinnettcoalition.org\/es\/2024\/02\/14\/rompiendo-el-ciclo-comprendiendo-las-experiencias-adversas-en-la-infancia\/\" \/>\n<meta property=\"og:site_name\" content=\"Gwinnett Coalition\" \/>\n<meta property=\"article:publisher\" content=\"https:\/\/www.facebook.com\/GwinnettCoalition\/\" \/>\n<meta property=\"article:published_time\" content=\"2024-02-14T20:41:07+00:00\" \/>\n<meta property=\"article:modified_time\" content=\"2024-02-15T18:43:11+00:00\" \/>\n<meta property=\"og:image\" content=\"https:\/\/gwinnettcoalition.org\/wp-content\/uploads\/2024\/01\/gwinnett-experiencias-adversas-infancia.webp\" \/>\n\t<meta property=\"og:image:width\" content=\"512\" \/>\n\t<meta property=\"og:image:height\" content=\"288\" \/>\n\t<meta property=\"og:image:type\" content=\"image\/webp\" \/>\n<meta name=\"author\" content=\"Gwinnett\" \/>\n<meta name=\"twitter:card\" content=\"summary_large_image\" \/>\n<meta name=\"twitter:label1\" content=\"Escrito por\" \/>\n\t<meta name=\"twitter:data1\" content=\"Gwinnett\" \/>\n\t<meta name=\"twitter:label2\" content=\"Tiempo de lectura\" \/>\n\t<meta name=\"twitter:data2\" content=\"8 minutos\" \/>\n<script type=\"application\/ld+json\" class=\"yoast-schema-graph\">{\"@context\":\"https:\\\/\\\/schema.org\",\"@graph\":[{\"@type\":\"Article\",\"@id\":\"https:\\\/\\\/gwinnettcoalition.org\\\/es\\\/2024\\\/02\\\/14\\\/rompiendo-el-ciclo-comprendiendo-las-experiencias-adversas-en-la-infancia\\\/#article\",\"isPartOf\":{\"@id\":\"https:\\\/\\\/gwinnettcoalition.org\\\/es\\\/2024\\\/02\\\/14\\\/rompiendo-el-ciclo-comprendiendo-las-experiencias-adversas-en-la-infancia\\\/\"},\"author\":{\"name\":\"Gwinnett\",\"@id\":\"https:\\\/\\\/gwinnettcoalition.org\\\/es\\\/#\\\/schema\\\/person\\\/58f57c77be10f69408ed906a0ad4dee1\"},\"headline\":\"Rompiendo el ciclo: comprendiendo las Experiencias Adversas en la Infancia\",\"datePublished\":\"2024-02-14T20:41:07+00:00\",\"dateModified\":\"2024-02-15T18:43:11+00:00\",\"mainEntityOfPage\":{\"@id\":\"https:\\\/\\\/gwinnettcoalition.org\\\/es\\\/2024\\\/02\\\/14\\\/rompiendo-el-ciclo-comprendiendo-las-experiencias-adversas-en-la-infancia\\\/\"},\"wordCount\":1119,\"commentCount\":0,\"publisher\":{\"@id\":\"https:\\\/\\\/gwinnettcoalition.org\\\/es\\\/#organization\"},\"image\":{\"@id\":\"https:\\\/\\\/gwinnettcoalition.org\\\/es\\\/2024\\\/02\\\/14\\\/rompiendo-el-ciclo-comprendiendo-las-experiencias-adversas-en-la-infancia\\\/#primaryimage\"},\"thumbnailUrl\":\"https:\\\/\\\/gwinnettcoalition.org\\\/wp-content\\\/uploads\\\/2024\\\/01\\\/gwinnett-experiencias-adversas-infancia.webp\",\"keywords\":[\"condado de Gwinnett\",\"Gwinnett Coalition\",\"infancia\",\"Qu\u00e9 son las experiencias adversas en la infancia\",\"trauma\"],\"articleSection\":[\"Sin categorizar\"],\"inLanguage\":\"es\",\"potentialAction\":[{\"@type\":\"CommentAction\",\"name\":\"Comment\",\"target\":[\"https:\\\/\\\/gwinnettcoalition.org\\\/es\\\/2024\\\/02\\\/14\\\/rompiendo-el-ciclo-comprendiendo-las-experiencias-adversas-en-la-infancia\\\/#respond\"]}]},{\"@type\":\"WebPage\",\"@id\":\"https:\\\/\\\/gwinnettcoalition.org\\\/es\\\/2024\\\/02\\\/14\\\/rompiendo-el-ciclo-comprendiendo-las-experiencias-adversas-en-la-infancia\\\/\",\"url\":\"https:\\\/\\\/gwinnettcoalition.org\\\/es\\\/2024\\\/02\\\/14\\\/rompiendo-el-ciclo-comprendiendo-las-experiencias-adversas-en-la-infancia\\\/\",\"name\":\"\u00bfQu\u00e9 son las experiencias adversas en la infancia? | Gwinnett Coalition\",\"isPartOf\":{\"@id\":\"https:\\\/\\\/gwinnettcoalition.org\\\/es\\\/#website\"},\"primaryImageOfPage\":{\"@id\":\"https:\\\/\\\/gwinnettcoalition.org\\\/es\\\/2024\\\/02\\\/14\\\/rompiendo-el-ciclo-comprendiendo-las-experiencias-adversas-en-la-infancia\\\/#primaryimage\"},\"image\":{\"@id\":\"https:\\\/\\\/gwinnettcoalition.org\\\/es\\\/2024\\\/02\\\/14\\\/rompiendo-el-ciclo-comprendiendo-las-experiencias-adversas-en-la-infancia\\\/#primaryimage\"},\"thumbnailUrl\":\"https:\\\/\\\/gwinnettcoalition.org\\\/wp-content\\\/uploads\\\/2024\\\/01\\\/gwinnett-experiencias-adversas-infancia.webp\",\"datePublished\":\"2024-02-14T20:41:07+00:00\",\"dateModified\":\"2024-02-15T18:43:11+00:00\",\"description\":\"Descubra el impacto de las experiencias adversas en la infancia en la salud y el bienestar, as\u00ed como estad\u00edsticas, medidas preventivas y consejos para romper el ciclo.\",\"breadcrumb\":{\"@id\":\"https:\\\/\\\/gwinnettcoalition.org\\\/es\\\/2024\\\/02\\\/14\\\/rompiendo-el-ciclo-comprendiendo-las-experiencias-adversas-en-la-infancia\\\/#breadcrumb\"},\"inLanguage\":\"es\",\"potentialAction\":[{\"@type\":\"ReadAction\",\"target\":[\"https:\\\/\\\/gwinnettcoalition.org\\\/es\\\/2024\\\/02\\\/14\\\/rompiendo-el-ciclo-comprendiendo-las-experiencias-adversas-en-la-infancia\\\/\"]}]},{\"@type\":\"ImageObject\",\"inLanguage\":\"es\",\"@id\":\"https:\\\/\\\/gwinnettcoalition.org\\\/es\\\/2024\\\/02\\\/14\\\/rompiendo-el-ciclo-comprendiendo-las-experiencias-adversas-en-la-infancia\\\/#primaryimage\",\"url\":\"https:\\\/\\\/gwinnettcoalition.org\\\/wp-content\\\/uploads\\\/2024\\\/01\\\/gwinnett-experiencias-adversas-infancia.webp\",\"contentUrl\":\"https:\\\/\\\/gwinnettcoalition.org\\\/wp-content\\\/uploads\\\/2024\\\/01\\\/gwinnett-experiencias-adversas-infancia.webp\",\"width\":512,\"height\":288},{\"@type\":\"BreadcrumbList\",\"@id\":\"https:\\\/\\\/gwinnettcoalition.org\\\/es\\\/2024\\\/02\\\/14\\\/rompiendo-el-ciclo-comprendiendo-las-experiencias-adversas-en-la-infancia\\\/#breadcrumb\",\"itemListElement\":[{\"@type\":\"ListItem\",\"position\":1,\"name\":\"Home\",\"item\":\"https:\\\/\\\/gwinnettcoalition.org\\\/es\\\/\"},{\"@type\":\"ListItem\",\"position\":2,\"name\":\"Rompiendo el ciclo: comprendiendo las Experiencias Adversas en la Infancia\"}]},{\"@type\":\"WebSite\",\"@id\":\"https:\\\/\\\/gwinnettcoalition.org\\\/es\\\/#website\",\"url\":\"https:\\\/\\\/gwinnettcoalition.org\\\/es\\\/\",\"name\":\"Gwinnett\",\"description\":\"Advancing the health and well-being of Gwinnett residents.\",\"publisher\":{\"@id\":\"https:\\\/\\\/gwinnettcoalition.org\\\/es\\\/#organization\"},\"potentialAction\":[{\"@type\":\"SearchAction\",\"target\":{\"@type\":\"EntryPoint\",\"urlTemplate\":\"https:\\\/\\\/gwinnettcoalition.org\\\/es\\\/?s={search_term_string}\"},\"query-input\":{\"@type\":\"PropertyValueSpecification\",\"valueRequired\":true,\"valueName\":\"search_term_string\"}}],\"inLanguage\":\"es\"},{\"@type\":\"Organization\",\"@id\":\"https:\\\/\\\/gwinnettcoalition.org\\\/es\\\/#organization\",\"name\":\"Gwinnett\",\"url\":\"https:\\\/\\\/gwinnettcoalition.org\\\/es\\\/\",\"logo\":{\"@type\":\"ImageObject\",\"inLanguage\":\"es\",\"@id\":\"https:\\\/\\\/gwinnettcoalition.org\\\/es\\\/#\\\/schema\\\/logo\\\/image\\\/\",\"url\":\"https:\\\/\\\/gwinnettcoalition.org\\\/wp-content\\\/uploads\\\/2023\\\/10\\\/LogoHorizontal-Gwinnett-1.svg\",\"contentUrl\":\"https:\\\/\\\/gwinnettcoalition.org\\\/wp-content\\\/uploads\\\/2023\\\/10\\\/LogoHorizontal-Gwinnett-1.svg\",\"width\":183,\"height\":49,\"caption\":\"Gwinnett\"},\"image\":{\"@id\":\"https:\\\/\\\/gwinnettcoalition.org\\\/es\\\/#\\\/schema\\\/logo\\\/image\\\/\"},\"sameAs\":[\"https:\\\/\\\/www.facebook.com\\\/GwinnettCoalition\\\/\",\"https:\\\/\\\/www.instagram.com\\\/gwinnettcoalition\\\/?hl=en\",\"https:\\\/\\\/www.linkedin.com\\\/company\\\/gwinnett-coalition-for-health-and-human-services\\\/\",\"https:\\\/\\\/www.youtube.com\\\/user\\\/GreatDaysOfService\"]},{\"@type\":\"Person\",\"@id\":\"https:\\\/\\\/gwinnettcoalition.org\\\/es\\\/#\\\/schema\\\/person\\\/58f57c77be10f69408ed906a0ad4dee1\",\"name\":\"Gwinnett\",\"image\":{\"@type\":\"ImageObject\",\"inLanguage\":\"es\",\"@id\":\"https:\\\/\\\/secure.gravatar.com\\\/avatar\\\/e6cfdb11b64c72f85d0c60ba9bb125af86a5c24ddfa4912684c70195f346b21f?s=96&d=mm&r=g\",\"url\":\"https:\\\/\\\/secure.gravatar.com\\\/avatar\\\/e6cfdb11b64c72f85d0c60ba9bb125af86a5c24ddfa4912684c70195f346b21f?s=96&d=mm&r=g\",\"contentUrl\":\"https:\\\/\\\/secure.gravatar.com\\\/avatar\\\/e6cfdb11b64c72f85d0c60ba9bb125af86a5c24ddfa4912684c70195f346b21f?s=96&d=mm&r=g\",\"caption\":\"Gwinnett\"},\"sameAs\":[\"http:\\\/\\\/209.97.150.82\"],\"url\":\"https:\\\/\\\/gwinnettcoalition.org\\\/es\\\/author\\\/gwinnett\\\/\"}]}<\/script>\n<!-- \/ Yoast SEO plugin. -->","yoast_head_json":{"title":"\u00bfQu\u00e9 son las experiencias adversas en la infancia? | Gwinnett Coalition","description":"Descubra el impacto de las experiencias adversas en la infancia en la salud y el bienestar, as\u00ed como estad\u00edsticas, medidas preventivas y consejos para romper el ciclo.","robots":{"index":"index","follow":"follow","max-snippet":"max-snippet:-1","max-image-preview":"max-image-preview:large","max-video-preview":"max-video-preview:-1"},"canonical":"https:\/\/gwinnettcoalition.org\/es\/2024\/02\/14\/rompiendo-el-ciclo-comprendiendo-las-experiencias-adversas-en-la-infancia\/","og_locale":"es_ES","og_type":"article","og_title":"\u00bfQu\u00e9 son las experiencias adversas en la infancia? | Gwinnett Coalition","og_description":"Descubra el impacto de las experiencias adversas en la infancia en la salud y el bienestar, as\u00ed como estad\u00edsticas, medidas preventivas y consejos para romper el ciclo.","og_url":"https:\/\/gwinnettcoalition.org\/es\/2024\/02\/14\/rompiendo-el-ciclo-comprendiendo-las-experiencias-adversas-en-la-infancia\/","og_site_name":"Gwinnett Coalition","article_publisher":"https:\/\/www.facebook.com\/GwinnettCoalition\/","article_published_time":"2024-02-14T20:41:07+00:00","article_modified_time":"2024-02-15T18:43:11+00:00","og_image":[{"width":512,"height":288,"url":"https:\/\/gwinnettcoalition.org\/wp-content\/uploads\/2024\/01\/gwinnett-experiencias-adversas-infancia.webp","type":"image\/webp"}],"author":"Gwinnett","twitter_card":"summary_large_image","twitter_misc":{"Escrito por":"Gwinnett","Tiempo de lectura":"8 minutos"},"schema":{"@context":"https:\/\/schema.org","@graph":[{"@type":"Article","@id":"https:\/\/gwinnettcoalition.org\/es\/2024\/02\/14\/rompiendo-el-ciclo-comprendiendo-las-experiencias-adversas-en-la-infancia\/#article","isPartOf":{"@id":"https:\/\/gwinnettcoalition.org\/es\/2024\/02\/14\/rompiendo-el-ciclo-comprendiendo-las-experiencias-adversas-en-la-infancia\/"},"author":{"name":"Gwinnett","@id":"https:\/\/gwinnettcoalition.org\/es\/#\/schema\/person\/58f57c77be10f69408ed906a0ad4dee1"},"headline":"Rompiendo el ciclo: comprendiendo las Experiencias Adversas en la Infancia","datePublished":"2024-02-14T20:41:07+00:00","dateModified":"2024-02-15T18:43:11+00:00","mainEntityOfPage":{"@id":"https:\/\/gwinnettcoalition.org\/es\/2024\/02\/14\/rompiendo-el-ciclo-comprendiendo-las-experiencias-adversas-en-la-infancia\/"},"wordCount":1119,"commentCount":0,"publisher":{"@id":"https:\/\/gwinnettcoalition.org\/es\/#organization"},"image":{"@id":"https:\/\/gwinnettcoalition.org\/es\/2024\/02\/14\/rompiendo-el-ciclo-comprendiendo-las-experiencias-adversas-en-la-infancia\/#primaryimage"},"thumbnailUrl":"https:\/\/gwinnettcoalition.org\/wp-content\/uploads\/2024\/01\/gwinnett-experiencias-adversas-infancia.webp","keywords":["condado de Gwinnett","Gwinnett Coalition","infancia","Qu\u00e9 son las experiencias adversas en la infancia","trauma"],"articleSection":["Sin categorizar"],"inLanguage":"es","potentialAction":[{"@type":"CommentAction","name":"Comment","target":["https:\/\/gwinnettcoalition.org\/es\/2024\/02\/14\/rompiendo-el-ciclo-comprendiendo-las-experiencias-adversas-en-la-infancia\/#respond"]}]},{"@type":"WebPage","@id":"https:\/\/gwinnettcoalition.org\/es\/2024\/02\/14\/rompiendo-el-ciclo-comprendiendo-las-experiencias-adversas-en-la-infancia\/","url":"https:\/\/gwinnettcoalition.org\/es\/2024\/02\/14\/rompiendo-el-ciclo-comprendiendo-las-experiencias-adversas-en-la-infancia\/","name":"\u00bfQu\u00e9 son las experiencias adversas en la infancia? | Gwinnett Coalition","isPartOf":{"@id":"https:\/\/gwinnettcoalition.org\/es\/#website"},"primaryImageOfPage":{"@id":"https:\/\/gwinnettcoalition.org\/es\/2024\/02\/14\/rompiendo-el-ciclo-comprendiendo-las-experiencias-adversas-en-la-infancia\/#primaryimage"},"image":{"@id":"https:\/\/gwinnettcoalition.org\/es\/2024\/02\/14\/rompiendo-el-ciclo-comprendiendo-las-experiencias-adversas-en-la-infancia\/#primaryimage"},"thumbnailUrl":"https:\/\/gwinnettcoalition.org\/wp-content\/uploads\/2024\/01\/gwinnett-experiencias-adversas-infancia.webp","datePublished":"2024-02-14T20:41:07+00:00","dateModified":"2024-02-15T18:43:11+00:00","description":"Descubra el impacto de las experiencias adversas en la infancia en la salud y el bienestar, as\u00ed como estad\u00edsticas, medidas preventivas y consejos para romper el ciclo.","breadcrumb":{"@id":"https:\/\/gwinnettcoalition.org\/es\/2024\/02\/14\/rompiendo-el-ciclo-comprendiendo-las-experiencias-adversas-en-la-infancia\/#breadcrumb"},"inLanguage":"es","potentialAction":[{"@type":"ReadAction","target":["https:\/\/gwinnettcoalition.org\/es\/2024\/02\/14\/rompiendo-el-ciclo-comprendiendo-las-experiencias-adversas-en-la-infancia\/"]}]},{"@type":"ImageObject","inLanguage":"es","@id":"https:\/\/gwinnettcoalition.org\/es\/2024\/02\/14\/rompiendo-el-ciclo-comprendiendo-las-experiencias-adversas-en-la-infancia\/#primaryimage","url":"https:\/\/gwinnettcoalition.org\/wp-content\/uploads\/2024\/01\/gwinnett-experiencias-adversas-infancia.webp","contentUrl":"https:\/\/gwinnettcoalition.org\/wp-content\/uploads\/2024\/01\/gwinnett-experiencias-adversas-infancia.webp","width":512,"height":288},{"@type":"BreadcrumbList","@id":"https:\/\/gwinnettcoalition.org\/es\/2024\/02\/14\/rompiendo-el-ciclo-comprendiendo-las-experiencias-adversas-en-la-infancia\/#breadcrumb","itemListElement":[{"@type":"ListItem","position":1,"name":"Home","item":"https:\/\/gwinnettcoalition.org\/es\/"},{"@type":"ListItem","position":2,"name":"Rompiendo el ciclo: comprendiendo las Experiencias Adversas en la Infancia"}]},{"@type":"WebSite","@id":"https:\/\/gwinnettcoalition.org\/es\/#website","url":"https:\/\/gwinnettcoalition.org\/es\/","name":"Gwinnett","description":"Advancing the health and well-being of Gwinnett residents.","publisher":{"@id":"https:\/\/gwinnettcoalition.org\/es\/#organization"},"potentialAction":[{"@type":"SearchAction","target":{"@type":"EntryPoint","urlTemplate":"https:\/\/gwinnettcoalition.org\/es\/?s={search_term_string}"},"query-input":{"@type":"PropertyValueSpecification","valueRequired":true,"valueName":"search_term_string"}}],"inLanguage":"es"},{"@type":"Organization","@id":"https:\/\/gwinnettcoalition.org\/es\/#organization","name":"Gwinnett","url":"https:\/\/gwinnettcoalition.org\/es\/","logo":{"@type":"ImageObject","inLanguage":"es","@id":"https:\/\/gwinnettcoalition.org\/es\/#\/schema\/logo\/image\/","url":"https:\/\/gwinnettcoalition.org\/wp-content\/uploads\/2023\/10\/LogoHorizontal-Gwinnett-1.svg","contentUrl":"https:\/\/gwinnettcoalition.org\/wp-content\/uploads\/2023\/10\/LogoHorizontal-Gwinnett-1.svg","width":183,"height":49,"caption":"Gwinnett"},"image":{"@id":"https:\/\/gwinnettcoalition.org\/es\/#\/schema\/logo\/image\/"},"sameAs":["https:\/\/www.facebook.com\/GwinnettCoalition\/","https:\/\/www.instagram.com\/gwinnettcoalition\/?hl=en","https:\/\/www.linkedin.com\/company\/gwinnett-coalition-for-health-and-human-services\/","https:\/\/www.youtube.com\/user\/GreatDaysOfService"]},{"@type":"Person","@id":"https:\/\/gwinnettcoalition.org\/es\/#\/schema\/person\/58f57c77be10f69408ed906a0ad4dee1","name":"Gwinnett","image":{"@type":"ImageObject","inLanguage":"es","@id":"https:\/\/secure.gravatar.com\/avatar\/e6cfdb11b64c72f85d0c60ba9bb125af86a5c24ddfa4912684c70195f346b21f?s=96&d=mm&r=g","url":"https:\/\/secure.gravatar.com\/avatar\/e6cfdb11b64c72f85d0c60ba9bb125af86a5c24ddfa4912684c70195f346b21f?s=96&d=mm&r=g","contentUrl":"https:\/\/secure.gravatar.com\/avatar\/e6cfdb11b64c72f85d0c60ba9bb125af86a5c24ddfa4912684c70195f346b21f?s=96&d=mm&r=g","caption":"Gwinnett"},"sameAs":["http:\/\/209.97.150.82"],"url":"https:\/\/gwinnettcoalition.org\/es\/author\/gwinnett\/"}]}},"_links":{"self":[{"href":"https:\/\/gwinnettcoalition.org\/es\/wp-json\/wp\/v2\/posts\/30402","targetHints":{"allow":["GET"]}}],"collection":[{"href":"https:\/\/gwinnettcoalition.org\/es\/wp-json\/wp\/v2\/posts"}],"about":[{"href":"https:\/\/gwinnettcoalition.org\/es\/wp-json\/wp\/v2\/types\/post"}],"author":[{"embeddable":true,"href":"https:\/\/gwinnettcoalition.org\/es\/wp-json\/wp\/v2\/users\/1"}],"replies":[{"embeddable":true,"href":"https:\/\/gwinnettcoalition.org\/es\/wp-json\/wp\/v2\/comments?post=30402"}],"version-history":[{"count":7,"href":"https:\/\/gwinnettcoalition.org\/es\/wp-json\/wp\/v2\/posts\/30402\/revisions"}],"predecessor-version":[{"id":30473,"href":"https:\/\/gwinnettcoalition.org\/es\/wp-json\/wp\/v2\/posts\/30402\/revisions\/30473"}],"wp:featuredmedia":[{"embeddable":true,"href":"https:\/\/gwinnettcoalition.org\/es\/wp-json\/wp\/v2\/media\/30065"}],"wp:attachment":[{"href":"https:\/\/gwinnettcoalition.org\/es\/wp-json\/wp\/v2\/media?parent=30402"}],"wp:term":[{"taxonomy":"category","embeddable":true,"href":"https:\/\/gwinnettcoalition.org\/es\/wp-json\/wp\/v2\/categories?post=30402"},{"taxonomy":"post_tag","embeddable":true,"href":"https:\/\/gwinnettcoalition.org\/es\/wp-json\/wp\/v2\/tags?post=30402"}],"curies":[{"name":"wp","href":"https:\/\/api.w.org\/{rel}","templated":true}]}}